{"id":1778,"date":"2013-05-19T18:24:59","date_gmt":"2013-05-19T23:24:59","guid":{"rendered":"http:\/\/noestamostodxs.noblogs.org\/?p=1778"},"modified":"2013-07-05T18:26:27","modified_gmt":"2013-07-05T23:26:27","slug":"el-preso-miguel-vazquez-de-bachajon-sobre-el-asesinato-de-juan","status":"publish","type":"post","link":"https:\/\/noestamostodxs.noblogs.org\/?p=1778","title":{"rendered":"El preso Miguel V\u00e1zquez de Bachaj\u00f3n sobre el asesinato de Juan"},"content":{"rendered":"<p align=\"CENTER\">CERESO N\u00ba16 OCOSINGO, CHIAPAS. A 19 de MAYO de 2013.<\/p>\n<p align=\"LEFT\">A los Medios de Comunicaci\u00f3n Libres.<br \/>\nA los Derechos Humanos.<br \/>\nA los Adherentes a la Sexta Nacional e Internacional.<br \/>\nA la Junta de Buen Gobierno.<br \/>\nA la Opini\u00f3n P\u00fablica.<\/p>\n<p align=\"LEFT\">Por medio de presente escrito me dirijo a todos los medios para exigir justicia lo que sucedi\u00f3 del compa\u00f1ero Juan V\u00e1zquez Guzm\u00e1n, que fue asesinado en su casa, no es justo que quede impune lo queremos que pague en la c\u00e1rcel tambi\u00e9n al que cometi\u00f3 este crimen de dicho compa\u00f1ero en menci\u00f3n y que se haga las investigaciones necesarias.<\/p>\n<p align=\"LEFT\">Ya este problema todo fue en momento que fue asesinado en su casa como a las 10:00 horas pm el d\u00eda 24 de 2013 en Bachaj\u00f3n.<\/p>\n<p align=\"LEFT\">Al mismo tiempo exigimos la libertad de Miguel V\u00e1zquez Deara, Miguel Demeza Jim\u00e9nez, Antonio Estrada, Alberto Patisht\u00e1n G\u00f3mez, que se encuentranrecluidos en los Centros Penitenciarios de este estado de Chiapas, ya que nos encontramos presos injustamente y todo prefabricado el delito que nos acusan.<\/p>\n<p align=\"LEFT\">Atentamente:<\/p>\n<p align=\"LEFT\"><em>Miguel V\u00e1zquez Deara, Adherente a La Sexta del Ejido San Sebasti\u00e1n Bachaj\u00f3n.<\/em><\/p>\n","protected":false},"excerpt":{"rendered":"<p>CERESO N\u00ba16 OCOSINGO, CHIAPAS. A 19 de MAYO de 2013. A los Medios de Comunicaci\u00f3n Libres. A los Derechos Humanos. A los Adherentes a la Sexta Nacional e Internacional. A la Junta de Buen Gobierno. A la Opini\u00f3n P\u00fablica. Por &hellip; <a href=\"https:\/\/noestamostodxs.noblogs.org\/?p=1778\">Sigue leyendo <span class=\"meta-nav\">&rarr;<\/span><\/a><\/p>\n","protected":false},"author":2317,"featured_media":0,"comment_status":"closed","ping_status":"closed","sticky":false,"template":"","format":"standard","meta":{"footnotes":""},"categories":[15],"tags":[],"class_list":["post-1778","post","type-post","status-publish","format-standard","hentry","category-los-presos-de-bachajon"],"_links":{"self":[{"href":"https:\/\/noestamostodxs.noblogs.org\/index.php?rest_route=\/wp\/v2\/posts\/1778","targetHints":{"allow":["GET"]}}],"collection":[{"href":"https:\/\/noestamostodxs.noblogs.org\/index.php?rest_route=\/wp\/v2\/posts"}],"about":[{"href":"https:\/\/noestamostodxs.noblogs.org\/index.php?rest_route=\/wp\/v2\/types\/post"}],"author":[{"embeddable":true,"href":"https:\/\/noestamostodxs.noblogs.org\/index.php?rest_route=\/wp\/v2\/users\/2317"}],"replies":[{"embeddable":true,"href":"https:\/\/noestamostodxs.noblogs.org\/index.php?rest_route=%2Fwp%2Fv2%2Fcomments&post=1778"}],"version-history":[{"count":2,"href":"https:\/\/noestamostodxs.noblogs.org\/index.php?rest_route=\/wp\/v2\/posts\/1778\/revisions"}],"predecessor-version":[{"id":1780,"href":"https:\/\/noestamostodxs.noblogs.org\/index.php?rest_route=\/wp\/v2\/posts\/1778\/revisions\/1780"}],"wp:attachment":[{"href":"https:\/\/noestamostodxs.noblogs.org\/index.php?rest_route=%2Fwp%2Fv2%2Fmedia&parent=1778"}],"wp:term":[{"taxonomy":"category","embeddable":true,"href":"https:\/\/noestamostodxs.noblogs.org\/index.php?rest_route=%2Fwp%2Fv2%2Fcategories&post=1778"},{"taxonomy":"post_tag","embeddable":true,"href":"https:\/\/noestamostodxs.noblogs.org\/index.php?rest_route=%2Fwp%2Fv2%2Ftags&post=1778"}],"curies":[{"name":"wp","href":"https:\/\/api.w.org\/{rel}","templated":true}]}}