{"id":1769,"date":"2013-05-15T18:14:32","date_gmt":"2013-05-15T23:14:32","guid":{"rendered":"http:\/\/noestamostodxs.noblogs.org\/?p=1769"},"modified":"2013-07-05T18:16:09","modified_gmt":"2013-07-05T23:16:09","slug":"alberto-patishtan-vivir-o-morir-por-la-verdad-y-la-justicia","status":"publish","type":"post","link":"https:\/\/noestamostodxs.noblogs.org\/?p=1769","title":{"rendered":"ALBERTO PATISHTAN: Vivir o morir por la verdad y la justicia"},"content":{"rendered":"<p>La muerte de 7 polic\u00edas en una emboscada perpetrada por un grupo armado en el municipio de El Bosque en el a\u00f1o 2000; es el motivo que lleva a la c\u00e1rcel a Alberto Patisht\u00e1n G\u00f3mez. Un luchador social de ese pueblo tsotsil.<\/p>\n<p>Como luchador jam\u00e1s se ha dado por vencido y desde las c\u00e1rceles se ha organizado junto con otras personas que han sido encarceladas injustamente para exigir justicia.. Se ha convertido en un incansable defensor de los derechos humanos y es el preso pol\u00edtico m\u00e1s emblem\u00e1tico de Chiapas en la actualidad.<\/p>\n<p>Este documental construye, a partir de entrevistas y testimonios, los verdaderos motivos que llev\u00f3 a Alberto Patisht\u00e1n a la c\u00e1rcel. Vemos c\u00f3mo su pueblo ha luchado para poder liberarlo y las injusticias que, desde las propias instancias que se encargan de impartir justicia, han cometido contra \u00e9l y, en consecuencia, contra todos los pueblos organizados de Chiapas.<\/p>\n<p>REALIZACI\u00d3N: Koman ilel y el Movimiento del Pueblo de El Bosque por la Libertad de Alberto Patisht\u00e1n<br \/>\nDURACI\u00d3N: 60&#8242; 30\u00bb<br \/>\nA\u00d1O: 2013<\/p>\n<p><iframe loading=\"lazy\" title=\"ALBERTO PATISHTAN: Vivir o morir por la verdad y la justicia [Documental]\" width=\"584\" height=\"329\" src=\"https:\/\/www.youtube.com\/embed\/CiwHAXgHo7U?feature=oembed\" frameborder=\"0\" allow=\"accelerometer; autoplay; clipboard-write; encrypted-media; gyroscope; picture-in-picture; web-share\" referrerpolicy=\"strict-origin-when-cross-origin\" allowfullscreen><\/iframe><\/p>\n","protected":false},"excerpt":{"rendered":"<p>La muerte de 7 polic\u00edas en una emboscada perpetrada por un grupo armado en el municipio de El Bosque en el a\u00f1o 2000; es el motivo que lleva a la c\u00e1rcel a Alberto Patisht\u00e1n G\u00f3mez. Un luchador social de ese &hellip; <a href=\"https:\/\/noestamostodxs.noblogs.org\/?p=1769\">Sigue leyendo <span class=\"meta-nav\">&rarr;<\/span><\/a><\/p>\n","protected":false},"author":2317,"featured_media":0,"comment_status":"closed","ping_status":"closed","sticky":false,"template":"","format":"standard","meta":{"footnotes":""},"categories":[16,13],"tags":[],"class_list":["post-1769","post","type-post","status-publish","format-standard","hentry","category-alberto-patishtan-y-la-voz-del-amate","category-videos"],"_links":{"self":[{"href":"https:\/\/noestamostodxs.noblogs.org\/index.php?rest_route=\/wp\/v2\/posts\/1769","targetHints":{"allow":["GET"]}}],"collection":[{"href":"https:\/\/noestamostodxs.noblogs.org\/index.php?rest_route=\/wp\/v2\/posts"}],"about":[{"href":"https:\/\/noestamostodxs.noblogs.org\/index.php?rest_route=\/wp\/v2\/types\/post"}],"author":[{"embeddable":true,"href":"https:\/\/noestamostodxs.noblogs.org\/index.php?rest_route=\/wp\/v2\/users\/2317"}],"replies":[{"embeddable":true,"href":"https:\/\/noestamostodxs.noblogs.org\/index.php?rest_route=%2Fwp%2Fv2%2Fcomments&post=1769"}],"version-history":[{"count":2,"href":"https:\/\/noestamostodxs.noblogs.org\/index.php?rest_route=\/wp\/v2\/posts\/1769\/revisions"}],"predecessor-version":[{"id":1771,"href":"https:\/\/noestamostodxs.noblogs.org\/index.php?rest_route=\/wp\/v2\/posts\/1769\/revisions\/1771"}],"wp:attachment":[{"href":"https:\/\/noestamostodxs.noblogs.org\/index.php?rest_route=%2Fwp%2Fv2%2Fmedia&parent=1769"}],"wp:term":[{"taxonomy":"category","embeddable":true,"href":"https:\/\/noestamostodxs.noblogs.org\/index.php?rest_route=%2Fwp%2Fv2%2Fcategories&post=1769"},{"taxonomy":"post_tag","embeddable":true,"href":"https:\/\/noestamostodxs.noblogs.org\/index.php?rest_route=%2Fwp%2Fv2%2Ftags&post=1769"}],"curies":[{"name":"wp","href":"https:\/\/api.w.org\/{rel}","templated":true}]}}