{"id":1766,"date":"2013-06-21T18:12:02","date_gmt":"2013-06-21T23:12:02","guid":{"rendered":"http:\/\/noestamostodxs.noblogs.org\/?p=1766"},"modified":"2013-07-05T18:13:41","modified_gmt":"2013-07-05T23:13:41","slug":"pronunciamiento-del-gt-no-estamos-todxs-por-el-traslado-de-los-presos-de-loxicha","status":"publish","type":"post","link":"https:\/\/noestamostodxs.noblogs.org\/?p=1766","title":{"rendered":"Pronunciamiento del GT No estamos Todxs por el traslado de los presos de Loxicha"},"content":{"rendered":"<p>M\u00e1s de 10 d\u00edas en vilo llevan lxs familiares, amigxs y compa\u00f1erxs de lucha de los 7 presos loxichas por su desaparici\u00f3n forzada a manos del gobierno oaxaque\u00f1o dirigido por Gabino Cu\u00e9 Monteagudo. Desaparici\u00f3n de la que tambi\u00e9n es responsable el gobierno federal mexicano.<\/p>\n<p>\u00c1lvaro Sebasti\u00e1n Ram\u00edrez, Abraham Garc\u00eda Ram\u00edrez, Agust\u00edn Luna Valencia, Eleuterio Hern\u00e1ndez Garc\u00eda, Fortino Enr\u00edquez Hern\u00e1ndez y Justino Hern\u00e1ndez Jos\u00e9 fueron sacados de forma violenta, en la madrugada del d\u00eda 8 de junio, del penal de Ixcotel en Oaxaca, y Zacar\u00edas Garc\u00eda L\u00f3pez del penal de Etla tambi\u00e9n en Oaxaca, donde cumpl\u00edan condena por delitos prefabricados por el gobierno oaxaque\u00f1o por formar parte de la lucha anticapitalista del pueblo Loxicha.<\/p>\n<p>Desde hace m\u00e1s de 16 a\u00f1os la Comunidad Loxicha sufre el terror de la violencia institucionalizada: asesinatos, encarcelamientos, desaparecidos, violaciones, hostigamientos, y una feroz militarizaci\u00f3n de la regi\u00f3n.<\/p>\n<p>La acusaci\u00f3n: pertenecer al Ej\u00e9rcito Popular Revolucionario (E.P.R). La verdad: un Pueblo que rehusa someterse a las pol\u00edticas Neoliberales, defendiendo sus tierras, sus lenguas y sus costumbres.<\/p>\n<p>Avisaron a lxs familiares de los presos de que los trasladaron al CEFERESO n\u00famero 13 ubicado en Mengol\u00ed de Morelos, Miahuatlan de Porfirio D\u00edaz. Penal recientemente inaugurado y concesionado a la iniciativa privada, que es ya conocido por las vejaciones y violaciones sistem\u00e1ticas a los derechos humanos por los malos tratos que se ejercen sobre la poblaci\u00f3n reclusa.<\/p>\n<p>A lxs familiares de los presos Loxichas se les est\u00e1 negando la posibilidad de entrar a visitar a sus presos y por tanto a comprobar el estado de salud f\u00edsica y mental en el que se encuentran.<\/p>\n<p>Todo esto nos hace pensar que las torturas psicol\u00f3gicas y f\u00edsicas que deben haber sufrido y que quiz\u00e1s sigan sufriendo son la raz\u00f3n principal por la que no se permite comprobar que est\u00e1n recluidos en ese Cefereso.<\/p>\n<p>Por eso desde \u201cNO ESTAMOS TODXS\u201d, grupo de trabajo con presxs pol\u00edticxs y presxs que luchan del estado de Chiapas, EXIGIMOS, al gobierno del estado de Oaxaca y al gobierno federal, les permitan a lxs familiares comprobar que los 7 PRESOS zapotecos LOXICHAs se encuentran bien y su inmediata\u00a0\u00a0 \u00a1\u00a1LIBERTAD!!<\/p>\n<p>\u00a1\u00a1\u00a1 ABAJO LOS MUROS DE LA PISIONES !!!<br \/>\n\u00a1\u00a1\u00a1 PRESXS POLITICXS LIBERTAD !!!<\/p>\n<p>Grupo de Trabajo \u00abNo Estamos Todxs\u00bb. Chiapas, 21 de junio de 2013<\/p>\n","protected":false},"excerpt":{"rendered":"<p>M\u00e1s de 10 d\u00edas en vilo llevan lxs familiares, amigxs y compa\u00f1erxs de lucha de los 7 presos loxichas por su desaparici\u00f3n forzada a manos del gobierno oaxaque\u00f1o dirigido por Gabino Cu\u00e9 Monteagudo. Desaparici\u00f3n de la que tambi\u00e9n es responsable &hellip; <a href=\"https:\/\/noestamostodxs.noblogs.org\/?p=1766\">Sigue leyendo <span class=\"meta-nav\">&rarr;<\/span><\/a><\/p>\n","protected":false},"author":2317,"featured_media":0,"comment_status":"closed","ping_status":"closed","sticky":false,"template":"","format":"standard","meta":{"footnotes":""},"categories":[11],"tags":[],"class_list":["post-1766","post","type-post","status-publish","format-standard","hentry","category-nuestros-comunicados"],"_links":{"self":[{"href":"https:\/\/noestamostodxs.noblogs.org\/index.php?rest_route=\/wp\/v2\/posts\/1766","targetHints":{"allow":["GET"]}}],"collection":[{"href":"https:\/\/noestamostodxs.noblogs.org\/index.php?rest_route=\/wp\/v2\/posts"}],"about":[{"href":"https:\/\/noestamostodxs.noblogs.org\/index.php?rest_route=\/wp\/v2\/types\/post"}],"author":[{"embeddable":true,"href":"https:\/\/noestamostodxs.noblogs.org\/index.php?rest_route=\/wp\/v2\/users\/2317"}],"replies":[{"embeddable":true,"href":"https:\/\/noestamostodxs.noblogs.org\/index.php?rest_route=%2Fwp%2Fv2%2Fcomments&post=1766"}],"version-history":[{"count":1,"href":"https:\/\/noestamostodxs.noblogs.org\/index.php?rest_route=\/wp\/v2\/posts\/1766\/revisions"}],"predecessor-version":[{"id":1768,"href":"https:\/\/noestamostodxs.noblogs.org\/index.php?rest_route=\/wp\/v2\/posts\/1766\/revisions\/1768"}],"wp:attachment":[{"href":"https:\/\/noestamostodxs.noblogs.org\/index.php?rest_route=%2Fwp%2Fv2%2Fmedia&parent=1766"}],"wp:term":[{"taxonomy":"category","embeddable":true,"href":"https:\/\/noestamostodxs.noblogs.org\/index.php?rest_route=%2Fwp%2Fv2%2Fcategories&post=1766"},{"taxonomy":"post_tag","embeddable":true,"href":"https:\/\/noestamostodxs.noblogs.org\/index.php?rest_route=%2Fwp%2Fv2%2Ftags&post=1766"}],"curies":[{"name":"wp","href":"https:\/\/api.w.org\/{rel}","templated":true}]}}