{"id":1764,"date":"2013-06-24T18:09:02","date_gmt":"2013-06-24T23:09:02","guid":{"rendered":"http:\/\/noestamostodxs.noblogs.org\/?p=1764"},"modified":"2013-07-05T18:10:57","modified_gmt":"2013-07-05T23:10:57","slug":"palabra-del-gt-no-estamos-todxs-en-la-rueda-de-prensa-en-bachajon","status":"publish","type":"post","link":"https:\/\/noestamostodxs.noblogs.org\/?p=1764","title":{"rendered":"Palabra del GT No Estamos Todxs en la rueda de prensa en Bachaj\u00f3n"},"content":{"rendered":"<p>A la familia de Juan V\u00e1zquez<br \/>\nA los adherentes a la sexta declaraci\u00f3n de la selva lacandona<br \/>\nA San Sebasti\u00e1n Bachajon<br \/>\nA los presos pol\u00edticos<br \/>\nAl EZLN<br \/>\nAl CNI<br \/>\nA los medios libres<br \/>\nA los defensores de derechos humanos<\/p>\n<p>La guerra de desgaste y la pol\u00edtica de contrainsurgencia del mal gobierno que reprime, despoja y explota a los pueblos ind\u00edgenas se est\u00e1 llevando a cabo y como parte de sus estrategias imponen mega-proyectos que solo sirve para hacer m\u00e1s ricos a los ricos y mas pobres a los campesinos, a los trabajadores, a la gente humilde del campo y de la ciudad.<\/p>\n<p>Esta guerra de desgaste fue la que detuvo a las 117 compa\u00f1eros ind\u00edgenas del ejido rebelde de San Sebasti\u00e1n Bachajon para desalojarlos de sus derechos sobre el territorio y la caseta de cobro de las cascadas de agua azul.<\/p>\n<p>Esta guerra de desgaste fue la que pago por la traici\u00f3n de los menos concientes que se dejaron vender por el mal gobierno.<\/p>\n<p>Esta guerra de desgaste fue la que arm\u00f3 la mano asesina que nos quit\u00f3 a Juan.<\/p>\n<p>Juan V\u00e1zquez nos acompa\u00f1o e muchas movilizaciones, actos, eventos, foros, etc. Siempre estuvo en primera fila cuando se trataba de la lucha de su ejido y por la defensa del territorio, en resistencia ante la imposici\u00f3n del mega-proyecto tur\u00edstico de las cascadas de agua azul y por la libertad de los presos pol\u00edticos en el marco de la sexta declaraci\u00f3n de la selva lacandona.<\/p>\n<p>La memoria de Juan estar\u00e1 siempre con nosotros. Su amor por su pueblo y su compromiso con la lucha para crear otro mundo esta guardado en nuestros corazones y ser\u00e1 una gran inspiraci\u00f3n para seguir en pie de lucha.<\/p>\n<p>Los pueblos que cuidan y respetan la madre tierra por la humanidad presente y por la futura, aquellos que se atreven a luchar por ello y en contra de las grandes empresas y multinacionales, son reprimidas, as\u00ed le paso a Juan en diciembre del 2011 cuando fue detenido y liberado horas despu\u00e9s por emprender junto a sus compa\u00f1eros la defensa legal por su territorio.<\/p>\n<p>Nosotros y nosotras los adherentes a la sexta declaraci\u00f3n, estamos luchando tambi\u00e9n para no dejar solos a nuestros compa\u00f1eros que se encuentran secuestrados en los peales de de Chiapas y por su liberaci\u00f3n.<\/p>\n<p>As\u00ed, estamos en pie de lucha por la libertad de Alberto Patishtan, maestro id\u00edgena tsotsil del municipio del Bosque que actualmente se encuentra en el cerezo #5, por amar y defender a su pueblo y su cultura, por decir la verdad y denunciar a los pol\u00edticos de los partidos corruptos.<\/p>\n<p>Reivindicamos tambi\u00e9n a nuestros compa\u00f1eros presos\u00a0 que est\u00e1n en lucha, Antonio Estrada Estrada,Miguel Demeza Jim\u00e9nez .<\/p>\n<p>Nuestro colectivo es el grupo de trabajo \u00abno estamos todxs\u00bb, porque recordamos d\u00eda con d\u00eda que faltan los presos y las presas, Nosotros y nosotras hacemos todo lo posible por acompa\u00f1ar a las y los presos de Chiapas adherentes a la sexta declaraci\u00f3n de la selva lacandona: Rosario Diaz, Juan Collazo, Pedro L\u00f3pez, Alfredo L\u00f3pez, Rosa L\u00f3pez, Juan D\u00edaz, Alejandro Santis, Enrrique G\u00f3mez, Benjam\u00edn L\u00f3pez y Juan L\u00f3pez.<\/p>\n<p>Denunciamos a los verdaderos delincuentes que son los 3 niveles de gobierno<\/p>\n<p>Quien muere en la lucha no muere, sino que vive en cada acto de libertad y rebeld\u00eda.<\/p>\n<p><em>EL GRUPO DE TRABAJO \u00abNO ESTAMOS TODXS\u00bb<\/em><\/p>\n<p>&nbsp;<\/p>\n","protected":false},"excerpt":{"rendered":"<p>A la familia de Juan V\u00e1zquez A los adherentes a la sexta declaraci\u00f3n de la selva lacandona A San Sebasti\u00e1n Bachajon A los presos pol\u00edticos Al EZLN Al CNI A los medios libres A los defensores de derechos humanos La &hellip; <a href=\"https:\/\/noestamostodxs.noblogs.org\/?p=1764\">Sigue leyendo <span class=\"meta-nav\">&rarr;<\/span><\/a><\/p>\n","protected":false},"author":2317,"featured_media":0,"comment_status":"closed","ping_status":"closed","sticky":false,"template":"","format":"standard","meta":{"footnotes":""},"categories":[15,11],"tags":[],"class_list":["post-1764","post","type-post","status-publish","format-standard","hentry","category-los-presos-de-bachajon","category-nuestros-comunicados"],"_links":{"self":[{"href":"https:\/\/noestamostodxs.noblogs.org\/index.php?rest_route=\/wp\/v2\/posts\/1764","targetHints":{"allow":["GET"]}}],"collection":[{"href":"https:\/\/noestamostodxs.noblogs.org\/index.php?rest_route=\/wp\/v2\/posts"}],"about":[{"href":"https:\/\/noestamostodxs.noblogs.org\/index.php?rest_route=\/wp\/v2\/types\/post"}],"author":[{"embeddable":true,"href":"https:\/\/noestamostodxs.noblogs.org\/index.php?rest_route=\/wp\/v2\/users\/2317"}],"replies":[{"embeddable":true,"href":"https:\/\/noestamostodxs.noblogs.org\/index.php?rest_route=%2Fwp%2Fv2%2Fcomments&post=1764"}],"version-history":[{"count":2,"href":"https:\/\/noestamostodxs.noblogs.org\/index.php?rest_route=\/wp\/v2\/posts\/1764\/revisions"}],"predecessor-version":[{"id":1767,"href":"https:\/\/noestamostodxs.noblogs.org\/index.php?rest_route=\/wp\/v2\/posts\/1764\/revisions\/1767"}],"wp:attachment":[{"href":"https:\/\/noestamostodxs.noblogs.org\/index.php?rest_route=%2Fwp%2Fv2%2Fmedia&parent=1764"}],"wp:term":[{"taxonomy":"category","embeddable":true,"href":"https:\/\/noestamostodxs.noblogs.org\/index.php?rest_route=%2Fwp%2Fv2%2Fcategories&post=1764"},{"taxonomy":"post_tag","embeddable":true,"href":"https:\/\/noestamostodxs.noblogs.org\/index.php?rest_route=%2Fwp%2Fv2%2Ftags&post=1764"}],"curies":[{"name":"wp","href":"https:\/\/api.w.org\/{rel}","templated":true}]}}