{"id":1758,"date":"2013-06-30T17:59:28","date_gmt":"2013-06-30T22:59:28","guid":{"rendered":"http:\/\/noestamostodxs.noblogs.org\/?p=1758"},"modified":"2013-07-05T18:08:57","modified_gmt":"2013-07-05T23:08:57","slug":"miguel-vazquez-deara-de-bachajon-conquista-su-libertad","status":"publish","type":"post","link":"https:\/\/noestamostodxs.noblogs.org\/?p=1758","title":{"rendered":"Miguel V\u00e1zquez Deara de Bachaj\u00f3n conquista su libertad"},"content":{"rendered":"<p>A la opini\u00f3n p\u00fablica<br \/>\nA los medios de comunicaci\u00f3n estatales, nacionales e internacionales.<br \/>\nA los Medios Alternativos<br \/>\nA l@s Adherentes a la Sexta<br \/>\nA las Organizaciones Independientes<br \/>\nA los Defensores de los Derechos Humanos ONGs<\/p>\n<p>Es con los corazones contentos que saludamos la liberaci\u00f3n de un preso en lucha del Ejido San Sebasti\u00e1n Bachaj\u00f3n, adherente a la Sexta Declaraci\u00f3n de la Selva Lacandona del Ejercito Zapatista de Liberaci\u00f3n Nacional.<\/p>\n<p>El d\u00eda 26 de junio el compa\u00f1ero Miguel V\u00e1zquez Deara conquist\u00f3 su libertad, despu\u00e9s de que estuvo secuestrado por el mal gobierno por 1 a\u00f1o y 9 meses.<\/p>\n<p>Miguel Vazquez Deara es un compa\u00f1ero que particip\u00f3 en todas las luchas por la defensa del territorio que le corresponde a los pueblos ind\u00edgenas contra el mal-gobierno que quiere entregar el territorio de la regi\u00f3n de las cascadas de Agua Azul a los grandes empresarios hoteleros y tur\u00edsticos. Para los ricos de M\u00e9xico y del mundo hay dos formas para ocupar m\u00e1s territorio y llevar a cabo su codicioso apetito de dinero y poder: Tratar de entregar migajas y sembrar la traici\u00f3n entre los pueblos, comprar la dignidad y asolar los pueblos y las culturas originarias; o matar, encarcelar, secuestrar y desaparecer a todos los que se oponen al despojo, que no se venden ni se rinden a los proyectos capitalistas.<\/p>\n<p>As\u00ed pas\u00f3 con el asesinato del compa\u00f1ero Juan V\u00e1zquez Guzm\u00e1n a manos de un sicario, por orden del mal gobierno. As\u00ed pas\u00f3 hace dos a\u00f1os cuando fueron encarcelados, de una sola vez, 117 ind\u00edgenas, culpables de defender el territorio que les corresponde por derecho en el crucero de Agua Azul. As\u00ed pas\u00f3 en el mismo per\u00edodo cuando la venganza del mal gobierno ante la lucha y de la resistencia del Ejido de San Sebasti\u00e1n Bachaj\u00f3n, adherente a La Otra Campa\u00f1a y adherente a la Sexta, estall\u00f3 fabricando delitos y luego secuestrando a los compa\u00f1eros Miguel Vazquez Deara, Antonio Estrada Estrada y Miguel Demeza Jimenez. Los tres fueron torturados y encarcelados en penales lejos de sus esposas, sus hijos y su comunidad.<\/p>\n<p>As\u00ed es la injusticia que el mal gobierno mexicano llama \u201cJusticia\u201d. As\u00ed es el sistema judicial que est\u00e1 al mando de los delincuentes nacionales como Pe\u00f1a Nieto, delincuentes estatales como Manuel Velasco Coello y Noe Casta\u00f1\u00f3n Le\u00f3n, delincuentes locales como Francisco Guzm\u00e1n Jim\u00e9nez (alias Goyto) y Alejandro Moreno G\u00f3mez, que para disfrazar sus robos y despojos acusan a los pobres de \u201cdelincuencia organizada\u201d.<\/p>\n<p>Pero ahorita nuestros corazones est\u00e1n contentos por la liberaci\u00f3n del compa\u00f1ero adherente a la Sexta del EZLN que pudo regresar a su comunidad y ver a su esposa y a sus hijos sin rejas. Estamos a\u00fan m\u00e1s contentos porque su liberaci\u00f3n se obtuvo dos d\u00edas despu\u00e9s de que empez\u00f3 la semana de lucha nacional e internacional \u201cJuan V\u00e1zquez Guzm\u00e1n vive y la lucha de Bachaj\u00f3n sigue\u201d.<\/p>\n<p>Los y las que integramos el Grupo de Trabajo No Estamos Todxs damos un fuerte abrazo a Miguel Vazquez Deara y a todos los pobladores del ejido en resistencia y seguimos caminando al lado de la lucha del Ejido de San Sebasti\u00e1n Bachaj\u00f3n .<\/p>\n<p style=\"text-align: center\"><em>\u00a1Libertad para Antonio Estrada Estrada y Miguel Demeza Jim\u00e9nez!<\/em><br \/>\n<em> \u00a1Libertad para Alberto Patisht\u00e1n G\u00f3mez, preso pol\u00edtico en el CERESO 5 de San Crist\u00f3bal de Las Casas!<\/em><br \/>\n<em> \u00a1Libertad para todos los presos en lucha por la Justicia verdadera, integrantes y solidarios de la Voz del Amate!<\/em><br \/>\n<em> \u00a1Libertad para todxs lxs presxs pol\u00edticos!<\/em><br \/>\n<em> \u00a1Tierra y Libertad!<\/em><br \/>\n<em> \u00a1Juan V\u00e1zquez Guzm\u00e1n vive y la Lucha de Bachaj\u00f3n sigue!<\/em><\/p>\n<p>San Crist\u00f3bal de Las Casas, Chiapas, 30 de junio de 2013.<br \/>\nGrupo de Trabajo No Estamos Todxs.<\/p>\n","protected":false},"excerpt":{"rendered":"<p>A la opini\u00f3n p\u00fablica A los medios de comunicaci\u00f3n estatales, nacionales e internacionales. A los Medios Alternativos A l@s Adherentes a la Sexta A las Organizaciones Independientes A los Defensores de los Derechos Humanos ONGs Es con los corazones contentos &hellip; <a href=\"https:\/\/noestamostodxs.noblogs.org\/?p=1758\">Sigue leyendo <span class=\"meta-nav\">&rarr;<\/span><\/a><\/p>\n","protected":false},"author":2317,"featured_media":0,"comment_status":"closed","ping_status":"closed","sticky":false,"template":"","format":"standard","meta":{"footnotes":""},"categories":[15,11],"tags":[],"class_list":["post-1758","post","type-post","status-publish","format-standard","hentry","category-los-presos-de-bachajon","category-nuestros-comunicados"],"_links":{"self":[{"href":"https:\/\/noestamostodxs.noblogs.org\/index.php?rest_route=\/wp\/v2\/posts\/1758","targetHints":{"allow":["GET"]}}],"collection":[{"href":"https:\/\/noestamostodxs.noblogs.org\/index.php?rest_route=\/wp\/v2\/posts"}],"about":[{"href":"https:\/\/noestamostodxs.noblogs.org\/index.php?rest_route=\/wp\/v2\/types\/post"}],"author":[{"embeddable":true,"href":"https:\/\/noestamostodxs.noblogs.org\/index.php?rest_route=\/wp\/v2\/users\/2317"}],"replies":[{"embeddable":true,"href":"https:\/\/noestamostodxs.noblogs.org\/index.php?rest_route=%2Fwp%2Fv2%2Fcomments&post=1758"}],"version-history":[{"count":4,"href":"https:\/\/noestamostodxs.noblogs.org\/index.php?rest_route=\/wp\/v2\/posts\/1758\/revisions"}],"predecessor-version":[{"id":1763,"href":"https:\/\/noestamostodxs.noblogs.org\/index.php?rest_route=\/wp\/v2\/posts\/1758\/revisions\/1763"}],"wp:attachment":[{"href":"https:\/\/noestamostodxs.noblogs.org\/index.php?rest_route=%2Fwp%2Fv2%2Fmedia&parent=1758"}],"wp:term":[{"taxonomy":"category","embeddable":true,"href":"https:\/\/noestamostodxs.noblogs.org\/index.php?rest_route=%2Fwp%2Fv2%2Fcategories&post=1758"},{"taxonomy":"post_tag","embeddable":true,"href":"https:\/\/noestamostodxs.noblogs.org\/index.php?rest_route=%2Fwp%2Fv2%2Ftags&post=1758"}],"curies":[{"name":"wp","href":"https:\/\/api.w.org\/{rel}","templated":true}]}}