{"id":1750,"date":"2013-06-04T11:09:09","date_gmt":"2013-06-04T16:09:09","guid":{"rendered":"http:\/\/noestamostodxs.noblogs.org\/?p=1750"},"modified":"2013-06-06T11:15:22","modified_gmt":"2013-06-06T16:15:22","slug":"sentencia-a-20-anos-de-carcel-para-rosario-diaz-mendez","status":"publish","type":"post","link":"https:\/\/noestamostodxs.noblogs.org\/?p=1750","title":{"rendered":"Sentencia a 20 a\u00f1os de c\u00e1rcel para Rosario D\u00edaz M\u00e9ndez"},"content":{"rendered":"<p>A la opini\u00f3n p\u00fablica<br \/>\nA los medios de comunicaci\u00f3n estatal, nacional e internacional<br \/>\nA los medios alternativos<br \/>\nA la Sexta<br \/>\nA las organizaciones independientes<br \/>\nA los Defensores de Derechos Humanos ONGs<\/p>\n<p>La injusticia sigue, hoy siendo las 14 horas, fui sentenciado a 20 a\u00f1os de condena con el n\u00famero de expediente 333\/2005, por el delito prefabricado de secuestro, a pesar de todo, los agraviados dicen no conocerme y piden mi libertad y de mis testigos de descargo ya ni se dice de las m\u00faltiples pruebas, pero la autoridad injusta que es ciego y sordo solo dicta condena.<\/p>\n<p>En verdad el origen fue por oponerme en la cancelaci\u00f3n de medidores del agua potable que estaba sufriendo mi Municipio de Huitupan en manos de la autoridad del ayuntamiento, presidente Municipal Hernal Gonzales L\u00f3pez en el periodo 2005-2008. Esta misma persona fue la que involucr\u00f3 a estas personas a que me acusaran de secuestro.<\/p>\n<p>Por esta irregularidad pido al Gobierno de Manuel Velazco Cuello a que le de fin a este injusto encarcelamiento tal como se ha pronunciado en sus visitas. Al mismo tiempo reclamo a que cumpla con su palabra hecha por su llegada del d\u00eda 18 de abril de los meses pasados en donde se comprometi\u00f3 a liberarnos.<\/p>\n<p>Por \u00faltimo invito a todo M\u00e9xico y al mundo a sumarse a este reclamo de justicia y libertad.<\/p>\n<p>FRATERNALMENTE<\/p>\n<p>La Voz Del Amate, Rosario D\u00edaz Mendez<\/p>\n<p>Penal Numero 5 de San Crist\u00f3bal de Las Casas, Chiapas a 4 de Junio de 2013<\/p>\n","protected":false},"excerpt":{"rendered":"<p>A la opini\u00f3n p\u00fablica A los medios de comunicaci\u00f3n estatal, nacional e internacional A los medios alternativos A la Sexta A las organizaciones independientes A los Defensores de Derechos Humanos ONGs La injusticia sigue, hoy siendo las 14 horas, fui &hellip; <a href=\"https:\/\/noestamostodxs.noblogs.org\/?p=1750\">Sigue leyendo <span class=\"meta-nav\">&rarr;<\/span><\/a><\/p>\n","protected":false},"author":2317,"featured_media":0,"comment_status":"closed","ping_status":"closed","sticky":false,"template":"","format":"standard","meta":{"footnotes":""},"categories":[16],"tags":[],"class_list":["post-1750","post","type-post","status-publish","format-standard","hentry","category-alberto-patishtan-y-la-voz-del-amate"],"_links":{"self":[{"href":"https:\/\/noestamostodxs.noblogs.org\/index.php?rest_route=\/wp\/v2\/posts\/1750","targetHints":{"allow":["GET"]}}],"collection":[{"href":"https:\/\/noestamostodxs.noblogs.org\/index.php?rest_route=\/wp\/v2\/posts"}],"about":[{"href":"https:\/\/noestamostodxs.noblogs.org\/index.php?rest_route=\/wp\/v2\/types\/post"}],"author":[{"embeddable":true,"href":"https:\/\/noestamostodxs.noblogs.org\/index.php?rest_route=\/wp\/v2\/users\/2317"}],"replies":[{"embeddable":true,"href":"https:\/\/noestamostodxs.noblogs.org\/index.php?rest_route=%2Fwp%2Fv2%2Fcomments&post=1750"}],"version-history":[{"count":2,"href":"https:\/\/noestamostodxs.noblogs.org\/index.php?rest_route=\/wp\/v2\/posts\/1750\/revisions"}],"predecessor-version":[{"id":1752,"href":"https:\/\/noestamostodxs.noblogs.org\/index.php?rest_route=\/wp\/v2\/posts\/1750\/revisions\/1752"}],"wp:attachment":[{"href":"https:\/\/noestamostodxs.noblogs.org\/index.php?rest_route=%2Fwp%2Fv2%2Fmedia&parent=1750"}],"wp:term":[{"taxonomy":"category","embeddable":true,"href":"https:\/\/noestamostodxs.noblogs.org\/index.php?rest_route=%2Fwp%2Fv2%2Fcategories&post=1750"},{"taxonomy":"post_tag","embeddable":true,"href":"https:\/\/noestamostodxs.noblogs.org\/index.php?rest_route=%2Fwp%2Fv2%2Ftags&post=1750"}],"curies":[{"name":"wp","href":"https:\/\/api.w.org\/{rel}","templated":true}]}}